{"id":2513,"date":"2023-07-28T19:36:48","date_gmt":"2023-07-29T01:36:48","guid":{"rendered":"http:\/\/raxxie.com\/?p=2513"},"modified":"2023-07-28T19:40:41","modified_gmt":"2023-07-29T01:40:41","slug":"jugamos-a-las-barbies","status":"publish","type":"post","link":"http:\/\/raxxie.com\/index.php\/archivo\/jugamos-a-las-barbies\/","title":{"rendered":"\u00bfJugamos a las barbies?"},"content":{"rendered":"\n<p>La semana pasada fui a ver la peli <em>Barbie<\/em>, de Greta Gerwig, con la maravillos\u00edsima Margot Robbie como protagonista y Ryan Gosling haciendo de Ken. Mientras escribo estas l\u00edneas, en redes sociales a\u00fan no cesa el pleito a causa de esta pel\u00edcula, pero empieza a amainar (en unos d\u00edas, la cruenta batalla en redes se deber\u00e1 a cualquier otro tema). Obviamente, el problema no es si les gust\u00f3 o no la trama \/ el casting \/ el \u00abmensaje\u00bb \/ el dise\u00f1o de producci\u00f3n \/ lo que sea; sino que parece que si alguien no piensa igualito que uno de inmediato se convierte en el enemigo en turno. Ya si el siguiente pleito nos pone del mismo lado de la l\u00ednea, peque lo veamos como aliado y olvidemos de momento las \u00abofensas\u00bb y \u00abtraiciones\u00bb. Qu\u00e9 lejos parecen quedar aquellos tiempos en los que uno pod\u00eda decir si algo le gustaba o no y seguir tan amigo con alguien que opinara distinto o que ni siquiera tuviera inter\u00e9s en el tema. En todo caso, no era ese el punto del que yo quer\u00eda platicarles ac\u00e1.<\/p>\n\n\n\n<figure class=\"wp-block-image aligncenter size-large\"><a href=\"http:\/\/raxxie.com\/wp-content\/uploads\/2023\/07\/barbie-BARBIE_VERT_TSR_W_TALENT_2764x4096_DOM_rgb.webp\"><img loading=\"lazy\" decoding=\"async\" width=\"691\" height=\"1024\" src=\"http:\/\/raxxie.com\/wp-content\/uploads\/2023\/07\/barbie-BARBIE_VERT_TSR_W_TALENT_2764x4096_DOM_rgb-691x1024.webp\" alt=\"\" class=\"wp-image-2523\" srcset=\"http:\/\/raxxie.com\/wp-content\/uploads\/2023\/07\/barbie-BARBIE_VERT_TSR_W_TALENT_2764x4096_DOM_rgb-691x1024.webp 691w, http:\/\/raxxie.com\/wp-content\/uploads\/2023\/07\/barbie-BARBIE_VERT_TSR_W_TALENT_2764x4096_DOM_rgb-203x300.webp 203w, http:\/\/raxxie.com\/wp-content\/uploads\/2023\/07\/barbie-BARBIE_VERT_TSR_W_TALENT_2764x4096_DOM_rgb-768x1138.webp 768w, http:\/\/raxxie.com\/wp-content\/uploads\/2023\/07\/barbie-BARBIE_VERT_TSR_W_TALENT_2764x4096_DOM_rgb-350x518.webp 350w, http:\/\/raxxie.com\/wp-content\/uploads\/2023\/07\/barbie-BARBIE_VERT_TSR_W_TALENT_2764x4096_DOM_rgb-460x681.webp 460w, http:\/\/raxxie.com\/wp-content\/uploads\/2023\/07\/barbie-BARBIE_VERT_TSR_W_TALENT_2764x4096_DOM_rgb-770x1141.webp 770w, http:\/\/raxxie.com\/wp-content\/uploads\/2023\/07\/barbie-BARBIE_VERT_TSR_W_TALENT_2764x4096_DOM_rgb-1037x1536.webp 1037w, http:\/\/raxxie.com\/wp-content\/uploads\/2023\/07\/barbie-BARBIE_VERT_TSR_W_TALENT_2764x4096_DOM_rgb.webp 1280w\" sizes=\"auto, (max-width: 691px) 100vw, 691px\" \/><\/a><\/figure>\n\n\n\n<p>Es decir, s\u00ed quer\u00eda hablar de Barbie, pero no necesariamente a partir de la pel\u00edcula. O bueno, s\u00ed quer\u00eda hablar de Barbie debido a pensamientos que me revolotean en la cabeza a partir de que vi la pel\u00edcula, pero no exclusivamente relacionados con ella.<\/p>\n\n\n\n<p>Y es que yo siempre he sido una fan total de Barbie, a excepci\u00f3n de los tres d\u00edas durante mi pubertad en los que decid\u00ed que ya era grande y me deshice de mi colecci\u00f3n completa (ay) y un ratito en la uni en que me dio por \u00abodiar todo lo femenino\u00bb (?). Y ahora me doy cuenta de que, incluso en esos momentos, era la importancia de las barbies en mi vida lo que hizo que me pusiera tan perruchis en su contra: hay momentos en la vida en los que necesitamos definirnos no a partir de lo que somos, sino de lo que ya no queremos ser (por eso en la adolescencia podemos ser tan crueles con las personas que antes fueron nuestros modelos a seguir, creo yo). <\/p>\n\n\n\n<p>Con todo, despu\u00e9s de cada uno de mis periodos anti-barbie sigui\u00f3 una reconciliaci\u00f3n y una nueva luna de miel. La de mi pubertad fue amarga porque ya no pude recuperar las mu\u00f1ecas de las que me hab\u00eda deshecho, cosa que hasta hoy lamento; y no porque fueran mu\u00f1ecas <em>gold <\/em>o <em>platinum <\/em>label, sino porque cada una de ellas ten\u00eda algo especial para m\u00ed. Por ejemplo, con la Barbie Aer\u00f3bica tuve una historia de odio &#8211; amor que incluye la \u00faltima vez que Los Reyes Magos me trajeron un juguete; mientras que la gargantilla de terciopelo negro con camafeo que tra\u00eda el vestido de la Barbie Angelface me causaba una fascinaci\u00f3n que hoy me hace sospechar que la darquitud estaba agazapada en m\u00ed mucho antes de lo que sospechaba. La carita de la Barbie Dulces Sue\u00f1os era de lo m\u00e1s tierna, y una mu\u00f1eca de la l\u00ednea B\u00e1rbara y Lil\u00ed siempre la hac\u00eda de villana por la fuerte mirada de ladito que se cargaba. Creo que mi primera barbie fue una vaquera que me trajo mi pap\u00e1 de San Antonio  (si no la primera, seguro una de las muy primeras, junto con la Golden Dream, que ten\u00eda una capita\/falda de gasa dorada que conserv\u00e9 hasta el final de esa etapa de mi vida) y la \u00faltima debe haber sido una Midge (la amiga de Barbie que en otro momento fue embarazada), pelirroja y pecosa y con unos horribles patines de hule pero una lind\u00edsima minifalda y chaleco de mezclilla. Una b\u00fasqueda veloz en google me arroja datitos simp\u00e1ticos: es una mu\u00f1eca de 1987, as\u00ed que probablemente me la compraron cuando yo estaba ya en sexto de primaria. <\/p>\n\n\n\n<figure class=\"wp-block-image aligncenter size-large\"><a href=\"http:\/\/raxxie.com\/wp-content\/uploads\/2023\/07\/midge-02.jpg\"><img loading=\"lazy\" decoding=\"async\" width=\"412\" height=\"412\" src=\"http:\/\/raxxie.com\/wp-content\/uploads\/2023\/07\/midge-02-edited-2.jpg\" alt=\"\" class=\"wp-image-2519\" srcset=\"http:\/\/raxxie.com\/wp-content\/uploads\/2023\/07\/midge-02-edited-2.jpg 412w, http:\/\/raxxie.com\/wp-content\/uploads\/2023\/07\/midge-02-edited-2-300x300.jpg 300w, http:\/\/raxxie.com\/wp-content\/uploads\/2023\/07\/midge-02-edited-2-150x150.jpg 150w, http:\/\/raxxie.com\/wp-content\/uploads\/2023\/07\/midge-02-edited-2-350x350.jpg 350w\" sizes=\"auto, (max-width: 412px) 100vw, 412px\" \/><\/a><\/figure>\n\n\n\n<p>La segunda etapa de mi vida con Barbie comenz\u00f3 con el nuevo milenio (si es que empez\u00f3 en el a\u00f1o 2000; siempre me hago bolas con esas cosas). Fue un set de Los Locos Addams que a la fecha me parece una preciosidad. Tengo barbies de inter\u00e9s rock\/punk\/dark, barbies tatuadas y barbies \u00abempoderadas\u00bb (por decirlo de alg\u00fan modo). Cada cierto tiempo se me ocurren motivos como para deshacerme de ellas o sentirme incongruente por tenerlas, pero a los pocos d\u00edas encuentro motivos para conservarlas y sentir que no hay incongruencia en ellas (o en m\u00ed): que es parte de lo que significa para m\u00ed ser mujer en la \u00e9poca que me toc\u00f3 vivir, y justo porque ser mujer implica tantas contradicciones es que las veo en mis mu\u00f1ecas cada tanto. Eso s\u00ed: aprend\u00ed luego de la Gran Purga de 1988 que, por muchas ganas que sienta de deshacerme de ellas en un momento dado, siempre es mejor esperar algunos d\u00edas, para que cuando llegue el arrepentimiento (siempre llega) ellas sigan aqu\u00ed.<\/p>\n\n\n\n<figure class=\"wp-block-image aligncenter size-full\"><a href=\"http:\/\/raxxie.com\/wp-content\/uploads\/2023\/07\/addams.jpg\"><img loading=\"lazy\" decoding=\"async\" width=\"383\" height=\"500\" src=\"http:\/\/raxxie.com\/wp-content\/uploads\/2023\/07\/addams.jpg\" alt=\"\" class=\"wp-image-2516\" srcset=\"http:\/\/raxxie.com\/wp-content\/uploads\/2023\/07\/addams.jpg 383w, http:\/\/raxxie.com\/wp-content\/uploads\/2023\/07\/addams-230x300.jpg 230w, http:\/\/raxxie.com\/wp-content\/uploads\/2023\/07\/addams-350x457.jpg 350w\" sizes=\"auto, (max-width: 383px) 100vw, 383px\" \/><\/a><\/figure>\n\n\n\n<p>Por cierto: mi fijaci\u00f3n con Barbie est\u00e1 presente en varias de las cosas que he escrito; m\u00e1s notoriamente en mi primera novela, <em>Ojos llenos de sombra<\/em>. Les comparto el pasaje en cuesti\u00f3n:<\/p>\n\n\n\n<blockquote class=\"wp-block-quote is-layout-flow wp-block-quote-is-layout-flow\">\n<p>Me quedo con la boca abierta: mi cu\u00f1ada viene perfectamente disfrazada para una fiesta oscura en Cuernavaca: faldita de tul, cors\u00e9, unas botas de <em>temueres<\/em>. S\u00e9 que no deber\u00eda sorprenderme: una de las poquititas veces que ha ido a una de nuestras tocadas iba tan producida que la gente cre\u00eda que la vocalista era ella y no Ofe. Cuando le dije, se ri\u00f3 much\u00edsimo.<\/p>\n\n\n\n<p>&nbsp;&nbsp;&nbsp;&nbsp; \u2014Mira, neni, es como las barbies. Cuando Barbie tiene que ir al espacio, se pone su <em>outfit<\/em> de Barbie Astronauta; cuando le toca trabajar se pone de Barbie Oficinista; y as\u00ed. No se trata de si eres oficinista o astronauta o dark: lo importante es que est\u00e9s lista para cada ocasi\u00f3n y que seas la m\u00e1s guapa siempre.<\/p>\n\n\n\n<p>&nbsp;&nbsp;&nbsp;&nbsp; Esa es su filosof\u00eda de la vida y lo que sea de cada qui\u00e9n es congruente con ella, la verdad. Adem\u00e1s, de veras se porta como una barbie: sonrisas para todo mundo, abrazos como si nos adorara.<\/p>\n<\/blockquote>\n\n\n\n<p>Para terminar: si tienen chance, vean la peli. Si les gusta tanto como a m\u00ed, \u00a1buen\u00edsimo! Si no les gusta, \u00a1buen\u00edsimo tambi\u00e9n! Sus razones tendr\u00e1 cada qui\u00e9n y lo enriquecedor ser\u00eda poder compartirlas sin terminar en gran pleito, digo yo&#8230;<\/p>\n","protected":false},"excerpt":{"rendered":"<p>La semana pasada fui a ver la peli Barbie, de Greta Gerwig, con la maravillos\u00edsima Margot Robbie como protagonista y Ryan Gosling haciendo de Ken. Mientras escribo estas l\u00edneas, en redes sociales a\u00fan no cesa el pleito a causa de esta pel\u00edcula, pero empieza a amainar (en unos d\u00edas, la cruenta batalla en redes se [&hellip;]<\/p>\n","protected":false},"author":1,"featured_media":0,"comment_status":"open","ping_status":"open","sticky":false,"template":"","format":"standard","meta":{"jetpack_post_was_ever_published":false,"_jetpack_newsletter_access":"","_jetpack_dont_email_post_to_subs":false,"_jetpack_newsletter_tier_id":0,"_jetpack_memberships_contains_paywalled_content":false,"_jetpack_memberships_contains_paid_content":false,"footnotes":"","jetpack_publicize_message":"","jetpack_publicize_feature_enabled":true,"jetpack_social_post_already_shared":true,"jetpack_social_options":{"image_generator_settings":{"template":"highway","default_image_id":0,"font":"","enabled":false},"version":2}},"categories":[1],"tags":[],"class_list":["post-2513","post","type-post","status-publish","format-standard","hentry","category-variainvencion"],"jetpack_publicize_connections":[],"jetpack_featured_media_url":"","jetpack_shortlink":"https:\/\/wp.me\/pCt21-Ex","jetpack_sharing_enabled":true,"jetpack_likes_enabled":false,"_links":{"self":[{"href":"http:\/\/raxxie.com\/index.php\/wp-json\/wp\/v2\/posts\/2513","targetHints":{"allow":["GET"]}}],"collection":[{"href":"http:\/\/raxxie.com\/index.php\/wp-json\/wp\/v2\/posts"}],"about":[{"href":"http:\/\/raxxie.com\/index.php\/wp-json\/wp\/v2\/types\/post"}],"author":[{"embeddable":true,"href":"http:\/\/raxxie.com\/index.php\/wp-json\/wp\/v2\/users\/1"}],"replies":[{"embeddable":true,"href":"http:\/\/raxxie.com\/index.php\/wp-json\/wp\/v2\/comments?post=2513"}],"version-history":[{"count":3,"href":"http:\/\/raxxie.com\/index.php\/wp-json\/wp\/v2\/posts\/2513\/revisions"}],"predecessor-version":[{"id":2524,"href":"http:\/\/raxxie.com\/index.php\/wp-json\/wp\/v2\/posts\/2513\/revisions\/2524"}],"wp:attachment":[{"href":"http:\/\/raxxie.com\/index.php\/wp-json\/wp\/v2\/media?parent=2513"}],"wp:term":[{"taxonomy":"category","embeddable":true,"href":"http:\/\/raxxie.com\/index.php\/wp-json\/wp\/v2\/categories?post=2513"},{"taxonomy":"post_tag","embeddable":true,"href":"http:\/\/raxxie.com\/index.php\/wp-json\/wp\/v2\/tags?post=2513"}],"curies":[{"name":"wp","href":"https:\/\/api.w.org\/{rel}","templated":true}]}}