{"id":1581,"date":"2015-10-08T11:25:27","date_gmt":"2015-10-08T16:25:27","guid":{"rendered":"http:\/\/raxxie.com\/?p=1581"},"modified":"2015-10-08T15:05:28","modified_gmt":"2015-10-08T20:05:28","slug":"banffiversario-8-de-octubre-de-2014","status":"publish","type":"post","link":"http:\/\/raxxie.com\/index.php\/archivo\/banffiversario-8-de-octubre-de-2014\/","title":{"rendered":"Banffiversario, 8 de octubre de 2014"},"content":{"rendered":"<p>La narraci\u00f3n del 8 de octubre del a\u00f1o pasado es breve porque fue un d\u00eda de mucho caminar (aunque en mi anotaci\u00f3n no digo que estaba cansad\u00edsima, ja). Por cierto, la pi\u00f1a que menciono por ah\u00ed&#8230; todav\u00eda est\u00e1 conmigo :D<\/p>\n<p>&nbsp;<\/p>\n<p>Y dice:<\/p>\n<p>&nbsp;<\/p>\n<p><strong>8 de octubre<\/strong><\/p>\n<p>&nbsp;<\/p>\n<p>En la ma\u00f1ana platiqu\u00e9 por skype con Alberto, tom\u00e9 el nutrimeal y llen\u00e9 varias postales. Luego vine al estudio un rato y me fui a una caminata con Ronna, una gu\u00eda de por ac\u00e1. Cost\u00f3 cinco d\u00f3lares y estuvo mega. Me gust\u00f3 que Ronna nos cont\u00f3 la historia de Mary Schaffer Warren, una acuarelista que anduvo por ac\u00e1 y que, a principios del siglo pasado, se avent\u00f3 a viajar por la zona con una amiga. Fueron las primeras mujeres en andar por ac\u00e1 con dos hombres \u00a1que no eran sus esposos! Y ella se dedic\u00f3, luego de las acuarelas sobre la flora de ac\u00e1, a contar hitorias. Buen\u00edsimo, caray.<\/p>\n<p><a href=\"http:\/\/raxxie.com\/wp-content\/uploads\/2015\/10\/Mary_Schaffer1.jpg\"><img loading=\"lazy\" decoding=\"async\" class=\"aligncenter size-medium wp-image-1582\" src=\"http:\/\/raxxie.com\/wp-content\/uploads\/2015\/10\/Mary_Schaffer1-254x300.jpg\" alt=\"Mary_Schaffer1\" width=\"254\" height=\"300\" srcset=\"http:\/\/raxxie.com\/wp-content\/uploads\/2015\/10\/Mary_Schaffer1-254x300.jpg 254w, http:\/\/raxxie.com\/wp-content\/uploads\/2015\/10\/Mary_Schaffer1.jpg 380w\" sizes=\"auto, (max-width: 254px) 100vw, 254px\" \/><\/a><\/p>\n<p>Tambi\u00e9n nos cont\u00f3 de Leighton, un pintor que hac\u00eda carteles para la CRP (el tren) a cambio de comida, hospedaje y viajes. Que este cuate luego dio clases de pintura en el Centro Banff y que dec\u00eda que el primer paso para <del>escribir bien<\/del> pintar bien es encontrar un sitio c\u00f3modo para sentarse.<\/p>\n<p>&nbsp;<\/p>\n<p><a href=\"http:\/\/raxxie.com\/wp-content\/uploads\/2015\/10\/leighton.jpg\"><img loading=\"lazy\" decoding=\"async\" class=\"aligncenter size-medium wp-image-1583\" src=\"http:\/\/raxxie.com\/wp-content\/uploads\/2015\/10\/leighton-262x300.jpg\" alt=\"leighton\" width=\"262\" height=\"300\" srcset=\"http:\/\/raxxie.com\/wp-content\/uploads\/2015\/10\/leighton-262x300.jpg 262w, http:\/\/raxxie.com\/wp-content\/uploads\/2015\/10\/leighton.jpg 349w\" sizes=\"auto, (max-width: 262px) 100vw, 262px\" \/><\/a><\/p>\n<p>Lo m\u00e1s raro\/loco\/lindo fue que esta chava, Ronna, hizo mucho \u00e9nfasis en la necesidad de dejar que Banff se meta en uno y lo transforme. O algo as\u00ed. Me movi\u00f3 algo. Creo que no s\u00e9 describirlo bien pero tiene que ver con el cambio, el Mago del Tarot y una pi\u00f1a que me encontr\u00e9 :P<\/p>\n<p>&nbsp;<\/p>\n<figure id=\"attachment_1585\" aria-describedby=\"caption-attachment-1585\" style=\"width: 225px\" class=\"wp-caption aligncenter\"><a href=\"http:\/\/raxxie.com\/wp-content\/uploads\/2015\/10\/IMG_3918-e1444321373804.jpg\"><img loading=\"lazy\" decoding=\"async\" class=\"size-medium wp-image-1585\" src=\"http:\/\/raxxie.com\/wp-content\/uploads\/2015\/10\/IMG_3918-e1444321373804-225x300.jpg\" alt=\"Una foto de ese paseo se us\u00f3 como publicidad para siguientes excursiones. \u00a1Ah\u00ed salgo! :)\" width=\"225\" height=\"300\" srcset=\"http:\/\/raxxie.com\/wp-content\/uploads\/2015\/10\/IMG_3918-e1444321373804-225x300.jpg 225w, http:\/\/raxxie.com\/wp-content\/uploads\/2015\/10\/IMG_3918-e1444321373804-768x1024.jpg 768w\" sizes=\"auto, (max-width: 225px) 100vw, 225px\" \/><\/a><figcaption id=\"caption-attachment-1585\" class=\"wp-caption-text\">Una foto de ese paseo se us\u00f3 como publicidad para siguientes excursiones. \u00a1Ah\u00ed salgo! :)<\/figcaption><\/figure>\n<p>Por cierto, se me ocurrieron ideas para un curso de gui\u00f3n en Chignahuapan (Aguzar los sentidos y tal).<\/p>\n<p>Luego, ac\u00e1 en el estudio, vi pasar a una marta, un mink o una comadreja. \u00a1Qu\u00e9 emoci\u00f3n!<\/p>\n<p>Termin\u00e9 un cuento. Al rato ir\u00e9 a ver a los mexicanos en el caf\u00e9 de ac\u00e1, qu\u00e9 nervios!!!<\/p>\n<p>&nbsp;<\/p>\n<figure id=\"attachment_1586\" aria-describedby=\"caption-attachment-1586\" style=\"width: 960px\" class=\"wp-caption aligncenter\"><a href=\"http:\/\/raxxie.com\/wp-content\/uploads\/2015\/10\/banffdia3.jpg\"><img loading=\"lazy\" decoding=\"async\" class=\"size-full wp-image-1586\" src=\"http:\/\/raxxie.com\/wp-content\/uploads\/2015\/10\/banffdia3.jpg\" alt=\"Resumen del d\u00eda 3\" width=\"960\" height=\"960\" srcset=\"http:\/\/raxxie.com\/wp-content\/uploads\/2015\/10\/banffdia3.jpg 960w, http:\/\/raxxie.com\/wp-content\/uploads\/2015\/10\/banffdia3-150x150.jpg 150w, http:\/\/raxxie.com\/wp-content\/uploads\/2015\/10\/banffdia3-300x300.jpg 300w\" sizes=\"auto, (max-width: 960px) 100vw, 960px\" \/><\/a><figcaption id=\"caption-attachment-1586\" class=\"wp-caption-text\">Resumen del d\u00eda 3<\/figcaption><\/figure>\n<p>&nbsp;<\/p>\n","protected":false},"excerpt":{"rendered":"<p>La narraci\u00f3n del 8 de octubre del a\u00f1o pasado es breve porque fue un d\u00eda de mucho caminar (aunque en mi anotaci\u00f3n no digo que estaba cansad\u00edsima, ja). Por cierto, la pi\u00f1a que menciono por ah\u00ed&#8230; todav\u00eda est\u00e1 conmigo :D &nbsp; Y dice: &nbsp; 8 de octubre &nbsp; En la ma\u00f1ana platiqu\u00e9 por skype con [&hellip;]<\/p>\n","protected":false},"author":1,"featured_media":1586,"comment_status":"open","ping_status":"open","sticky":false,"template":"","format":"standard","meta":{"jetpack_post_was_ever_published":false,"_jetpack_newsletter_access":"","_jetpack_dont_email_post_to_subs":false,"_jetpack_newsletter_tier_id":0,"_jetpack_memberships_contains_paywalled_content":false,"_jetpack_memberships_contains_paid_content":false,"footnotes":"","jetpack_publicize_message":"","jetpack_publicize_feature_enabled":true,"jetpack_social_post_already_shared":true,"jetpack_social_options":{"image_generator_settings":{"template":"highway","default_image_id":0,"font":"","enabled":false},"version":2}},"categories":[33,38,44,30],"tags":[],"class_list":["post-1581","post","type-post","status-publish","format-standard","has-post-thumbnail","hentry","category-escritura","category-filosofia-de-a-varo","category-la-vida-en-banff","category-recuerdos"],"jetpack_publicize_connections":[],"jetpack_featured_media_url":"http:\/\/raxxie.com\/wp-content\/uploads\/2015\/10\/banffdia3.jpg","jetpack_shortlink":"https:\/\/wp.me\/pCt21-pv","jetpack_sharing_enabled":true,"jetpack_likes_enabled":false,"_links":{"self":[{"href":"http:\/\/raxxie.com\/index.php\/wp-json\/wp\/v2\/posts\/1581","targetHints":{"allow":["GET"]}}],"collection":[{"href":"http:\/\/raxxie.com\/index.php\/wp-json\/wp\/v2\/posts"}],"about":[{"href":"http:\/\/raxxie.com\/index.php\/wp-json\/wp\/v2\/types\/post"}],"author":[{"embeddable":true,"href":"http:\/\/raxxie.com\/index.php\/wp-json\/wp\/v2\/users\/1"}],"replies":[{"embeddable":true,"href":"http:\/\/raxxie.com\/index.php\/wp-json\/wp\/v2\/comments?post=1581"}],"version-history":[{"count":2,"href":"http:\/\/raxxie.com\/index.php\/wp-json\/wp\/v2\/posts\/1581\/revisions"}],"predecessor-version":[{"id":1588,"href":"http:\/\/raxxie.com\/index.php\/wp-json\/wp\/v2\/posts\/1581\/revisions\/1588"}],"wp:featuredmedia":[{"embeddable":true,"href":"http:\/\/raxxie.com\/index.php\/wp-json\/wp\/v2\/media\/1586"}],"wp:attachment":[{"href":"http:\/\/raxxie.com\/index.php\/wp-json\/wp\/v2\/media?parent=1581"}],"wp:term":[{"taxonomy":"category","embeddable":true,"href":"http:\/\/raxxie.com\/index.php\/wp-json\/wp\/v2\/categories?post=1581"},{"taxonomy":"post_tag","embeddable":true,"href":"http:\/\/raxxie.com\/index.php\/wp-json\/wp\/v2\/tags?post=1581"}],"curies":[{"name":"wp","href":"https:\/\/api.w.org\/{rel}","templated":true}]}}